{"id":52745,"date":"2017-10-20T08:51:37","date_gmt":"2017-10-20T07:51:37","guid":{"rendered":"https:\/\/alliance.lu\/der-neue-smart-fortwo-electric-drive\/"},"modified":"2024-11-15T11:23:05","modified_gmt":"2024-11-15T10:23:05","slug":"der-neue-smart-fortwo-electric-drive","status":"publish","type":"post","link":"https:\/\/alliance.lu\/de\/der-neue-smart-fortwo-electric-drive\/","title":{"rendered":"DER NEUE SMART FORTWO ELECTRIC DRIVE"},"content":{"rendered":"<p><strong>Ein Pionier auf seinem Gebiet.<\/strong><\/p>\n<p>ALLIANCE DES ARTISANS steigt auf Elektrofahrzeuge um! Aus Sorge um unsere Umwelt hat die Alliance des Artisans beschlossen, in ihr erstes Elektrofahrzeug zu investieren: eine Alternative zu umweltsch\u00e4dlichen Fahrzeugen. Das Elektrofahrzeug emittiert kein<sub>CO2 . <\/sub> Seine Nutzung tr\u00e4gt daher nicht zum Treibhauseffekt und damit zur globalen Erw\u00e4rmung bei.<\/p>\n<p><img loading=\"lazy\" decoding=\"async\" class=\"alignnone wp-image-50280\" src=\"https:\/\/alliance.lu\/wp-content\/uploads\/2020\/05\/parc-v%C3%A9hicule-alliance-des-artisans-luxembourg-21-300x258.png\" alt=\"\" width=\"373\" height=\"320\"><\/p>\n","protected":false},"excerpt":{"rendered":"<p>Ein Pionier auf seinem Gebiet. ALLIANCE DES ARTISANS steigt auf Elektrofahrzeuge um! Aus Sorge um unsere Umwelt hat die Alliance des Artisans beschlossen, in ihr erstes Elektrofahrzeug zu investieren: eine Alternative zu umweltsch\u00e4dlichen Fahrzeugen. Das Elektrofahrzeug emittiert keinCO2 . Seine Nutzung tr\u00e4gt daher nicht zum Treibhauseffekt und damit zur globalen Erw\u00e4rmung bei.<\/p>\n","protected":false},"author":2,"featured_media":52380,"comment_status":"closed","ping_status":"closed","sticky":false,"template":"","format":"standard","meta":{"_acf_changed":false,"_et_pb_use_builder":"","_et_pb_old_content":"","_et_gb_content_width":"","_monsterinsights_skip_tracking":false,"_monsterinsights_sitenote_active":false,"_monsterinsights_sitenote_note":"","_monsterinsights_sitenote_category":0,"footnotes":""},"categories":[562],"tags":[],"class_list":["post-52745","post","type-post","status-publish","format-standard","has-post-thumbnail","hentry","category-nachrichten"],"acf":[],"_links":{"self":[{"href":"https:\/\/alliance.lu\/de\/wp-json\/wp\/v2\/posts\/52745","targetHints":{"allow":["GET"]}}],"collection":[{"href":"https:\/\/alliance.lu\/de\/wp-json\/wp\/v2\/posts"}],"about":[{"href":"https:\/\/alliance.lu\/de\/wp-json\/wp\/v2\/types\/post"}],"author":[{"embeddable":true,"href":"https:\/\/alliance.lu\/de\/wp-json\/wp\/v2\/users\/2"}],"replies":[{"embeddable":true,"href":"https:\/\/alliance.lu\/de\/wp-json\/wp\/v2\/comments?post=52745"}],"version-history":[{"count":0,"href":"https:\/\/alliance.lu\/de\/wp-json\/wp\/v2\/posts\/52745\/revisions"}],"wp:featuredmedia":[{"embeddable":true,"href":"https:\/\/alliance.lu\/de\/wp-json\/wp\/v2\/media\/52380"}],"wp:attachment":[{"href":"https:\/\/alliance.lu\/de\/wp-json\/wp\/v2\/media?parent=52745"}],"wp:term":[{"taxonomy":"category","embeddable":true,"href":"https:\/\/alliance.lu\/de\/wp-json\/wp\/v2\/categories?post=52745"},{"taxonomy":"post_tag","embeddable":true,"href":"https:\/\/alliance.lu\/de\/wp-json\/wp\/v2\/tags?post=52745"}],"curies":[{"name":"wp","href":"https:\/\/api.w.org\/{rel}","templated":true}]}}